{"id":243,"date":"2023-03-13T10:17:52","date_gmt":"2023-03-13T13:17:52","guid":{"rendered":"https:\/\/formato2.com.br\/?p=243"},"modified":"2023-03-13T10:18:38","modified_gmt":"2023-03-13T13:18:38","slug":"trindade-recebe-20-mil-exemplares-de-livros-da-formato2-editora","status":"publish","type":"post","link":"https:\/\/formato2.com.br\/index.php\/2023\/03\/13\/trindade-recebe-20-mil-exemplares-de-livros-da-formato2-editora\/","title":{"rendered":"Trindade recebe 20 mil exemplares de Livros da Formato2 Editora"},"content":{"rendered":"\t\t<div data-elementor-type=\"wp-post\" data-elementor-id=\"243\" class=\"elementor elementor-243\">\n\t\t\t\t\t\t\t\t\t<section class=\"elementor-section elementor-top-section elementor-element elementor-element-f3c4df3 elementor-section-boxed elementor-section-height-default elementor-section-height-default\" data-id=\"f3c4df3\" data-element_type=\"section\">\n\t\t\t\t\t\t<div class=\"elementor-container elementor-column-gap-default\">\n\t\t\t\t\t<div class=\"elementor-column elementor-col-100 elementor-top-column elementor-element elementor-element-83ae818\" data-id=\"83ae818\" data-element_type=\"column\">\n\t\t\t<div class=\"elementor-widget-wrap elementor-element-populated\">\n\t\t\t\t\t\t\t\t<div class=\"elementor-element elementor-element-41534fd elementor-widget elementor-widget-heading\" data-id=\"41534fd\" data-element_type=\"widget\" data-widget_type=\"heading.default\">\n\t\t\t\t<div class=\"elementor-widget-container\">\n\t\t\t<style>\/*! elementor - v3.11.3 - 07-03-2023 *\/\n.elementor-heading-title{padding:0;margin:0;line-height:1}.elementor-widget-heading .elementor-heading-title[class*=elementor-size-]>a{color:inherit;font-size:inherit;line-height:inherit}.elementor-widget-heading .elementor-heading-title.elementor-size-small{font-size:15px}.elementor-widget-heading .elementor-heading-title.elementor-size-medium{font-size:19px}.elementor-widget-heading .elementor-heading-title.elementor-size-large{font-size:29px}.elementor-widget-heading .elementor-heading-title.elementor-size-xl{font-size:39px}.elementor-widget-heading .elementor-heading-title.elementor-size-xxl{font-size:59px}<\/style><h2 class=\"elementor-heading-title elementor-size-default\">Trindade Recebe 20 Mil Exemplares De Livros Da Formato2 Editora<\/h2>\t\t<\/div>\n\t\t\t\t<\/div>\n\t\t\t\t\t<\/div>\n\t\t<\/div>\n\t\t\t\t\t\t\t<\/div>\n\t\t<\/section>\n\t\t\t\t<section class=\"elementor-section elementor-top-section elementor-element elementor-element-59207e9 elementor-section-boxed elementor-section-height-default elementor-section-height-default\" data-id=\"59207e9\" data-element_type=\"section\">\n\t\t\t\t\t\t<div class=\"elementor-container elementor-column-gap-default\">\n\t\t\t\t\t<div class=\"elementor-column elementor-col-100 elementor-top-column elementor-element elementor-element-85cb313\" data-id=\"85cb313\" data-element_type=\"column\">\n\t\t\t<div class=\"elementor-widget-wrap elementor-element-populated\">\n\t\t\t\t\t\t\t\t<div class=\"elementor-element elementor-element-4031a1d elementor-widget elementor-widget-image\" data-id=\"4031a1d\" data-element_type=\"widget\" data-widget_type=\"image.default\">\n\t\t\t\t<div class=\"elementor-widget-container\">\n\t\t\t<style>\/*! elementor - v3.11.3 - 07-03-2023 *\/\n.elementor-widget-image{text-align:center}.elementor-widget-image a{display:inline-block}.elementor-widget-image a img[src$=\".svg\"]{width:48px}.elementor-widget-image img{vertical-align:middle;display:inline-block}<\/style>\t\t\t\t\t\t\t\t\t\t\t\t<img decoding=\"async\" loading=\"lazy\" width=\"580\" height=\"387\" src=\"https:\/\/formato2.com.br\/wp-content\/uploads\/2023\/03\/Trindade.jpg\" class=\"attachment-large size-large wp-image-244\" alt=\"\" srcset=\"https:\/\/formato2.com.br\/wp-content\/uploads\/2023\/03\/Trindade.jpg 750w, https:\/\/formato2.com.br\/wp-content\/uploads\/2023\/03\/Trindade-300x200.jpg 300w\" sizes=\"(max-width: 580px) 100vw, 580px\" \/>\t\t\t\t\t\t\t\t\t\t\t\t\t\t\t<\/div>\n\t\t\t\t<\/div>\n\t\t\t\t\t<\/div>\n\t\t<\/div>\n\t\t\t\t\t\t\t<\/div>\n\t\t<\/section>\n\t\t\t\t<section class=\"elementor-section elementor-top-section elementor-element elementor-element-54d77d6 elementor-section-boxed elementor-section-height-default elementor-section-height-default\" data-id=\"54d77d6\" data-element_type=\"section\">\n\t\t\t\t\t\t<div class=\"elementor-container elementor-column-gap-default\">\n\t\t\t\t\t<div class=\"elementor-column elementor-col-100 elementor-top-column elementor-element elementor-element-2149b66\" data-id=\"2149b66\" data-element_type=\"column\">\n\t\t\t<div class=\"elementor-widget-wrap elementor-element-populated\">\n\t\t\t\t\t\t\t\t<div class=\"elementor-element elementor-element-b09cc76 elementor-widget elementor-widget-text-editor\" data-id=\"b09cc76\" data-element_type=\"widget\" data-widget_type=\"text-editor.default\">\n\t\t\t\t<div class=\"elementor-widget-container\">\n\t\t\t<style>\/*! elementor - v3.11.3 - 07-03-2023 *\/\n.elementor-widget-text-editor.elementor-drop-cap-view-stacked .elementor-drop-cap{background-color:#818a91;color:#fff}.elementor-widget-text-editor.elementor-drop-cap-view-framed .elementor-drop-cap{color:#818a91;border:3px solid;background-color:transparent}.elementor-widget-text-editor:not(.elementor-drop-cap-view-default) .elementor-drop-cap{margin-top:8px}.elementor-widget-text-editor:not(.elementor-drop-cap-view-default) .elementor-drop-cap-letter{width:1em;height:1em}.elementor-widget-text-editor .elementor-drop-cap{float:left;text-align:center;line-height:1;font-size:50px}.elementor-widget-text-editor .elementor-drop-cap-letter{display:inline-block}<\/style>\t\t\t\t<p>A Prefeitura de Trindade-GO recebeu 20 mil exemplares do Livro Trindade Turismo. A Secret\u00e1ria da Casa Civil, Planejamento e Gest\u00e3o, Mayara Cristina Silva, assinou o Atestado de Capacidade T\u00e9cnica da Formato2 Editora e confirmou a destina\u00e7\u00e3o da obra para a regionaliza\u00e7\u00e3o do ensino dos alunos da rede municipal. De acordo com o autor do projeto, Braulino T\u00e9ofilo Filho, o Livro de Trindade \u00e9 um material educativo \u201cque mostra o contexto hist\u00f3rico e populacional e os aspectos geogr\u00e1fico, ambiental, cultural, econ\u00f4mico, social e tur\u00edstico da cidade\u201d.<\/p><p>Sobre a Editora o Atestado informa que se trata de \u201cempresa id\u00f4nea e que cumpre satisfatoriamente as necessidades do FUNDEB \u2013 Fundo de Manuten\u00e7\u00e3o da Educa\u00e7\u00e3o B\u00e1sica e da Valoriza\u00e7\u00e3o dos Profissionais da Educa\u00e7\u00e3o, junto a Secretaria Municipal de Educa\u00e7\u00e3o\u201d.<\/p><p>Turismo<\/p><p>Trindade \u00e9 originada da gente sertaneja e cabocla, nascida entre os simples e humildes. De in\u00edcio, uma capelinha coberta de buritis (1848); depois, coberta de telhas veio a Igreja Matriz do Divino Pai Eterno (1912). Em 16 de julho de 1920, a emancipa\u00e7\u00e3o politica da cidade. No ano de 1943 foi lan\u00e7ada a pedra fundamental do Santu\u00e1rio Novo, hoje Bas\u00edlica Menor ou Santu\u00e1rio Bas\u00edlica do Divino Pai Eterno. Com a \u00e1rea territorial de 710,328 km\u00b2, bioma predominantemente do Cerrado e popula\u00e7\u00e3o de 129.823 habitantes, Trindade continua a se desenvolver ao possuir uma ampla rede de confec\u00e7\u00f5es, grandes varejistas, ind\u00fastrias (bebidas, alimentos e commodities), parque aqu\u00e1tico e pesca que promovem a economia local.<\/p><p>O munic\u00edpio investe no turismo e cultura atrav\u00e9s de grandes festivais, sedia circuitos e eventos estaduais e nacionais, ecoturismo, cicloturismo, feiras livres e em seus patrim\u00f4nios hist\u00f3ricos materiais e imateriais com o objetivo de preservar suas ra\u00edzes e cultivar o futuro.<\/p><p>Descubra Trindade. Fonte \u2013 turismo.trindade.go.gov.br<\/p><p>\u00a0\u00a0\u00a0\u00a0\u00a0\u00a0\u00a0\u00a0\u00a0\u00a0\u00a0\u00a0\u00a0\u00a0\u00a0\u00a0\u00a0\u00a0\u00a0\u00a0\u00a0\u00a0\u00a0\u00a0\u00a0\u00a0\u00a0\u00a0\u00a0\u00a0\u00a0\u00a0\u00a0\u00a0\u00a0\u00a0\u00a0\u00a0\u00a0\u00a0\u00a0\u00a0\u00a0\u00a0\u00a0\u00a0\u00a0\u00a0\u00a0\u00a0\u00a0\u00a0\u00a0\u00a0\u00a0\u00a0\u00a0\u00a0\u00a0\u00a0\u00a0\u00a0\u00a0\u00a0\u00a0\u00a0\u00a0\u00a0\u00a0\u00a0\u00a0\u00a0\u00a0\u00a0\u00a0\u00a0\u00a0\u00a0\u00a0\u00a0\u00a0\u00a0\u00a0\u00a0\u00a0\u00a0\u00a0\u00a0\u00a0<\/p><p>Imagem \u2013 passeios.org<\/p>\t\t\t\t\t\t<\/div>\n\t\t\t\t<\/div>\n\t\t\t\t\t<\/div>\n\t\t<\/div>\n\t\t\t\t\t\t\t<\/div>\n\t\t<\/section>\n\t\t\t\t\t\t\t<\/div>\n\t\t","protected":false},"excerpt":{"rendered":"<p>Trindade Recebe 20 Mil Exemplares De Livros Da Formato2 Editora A Prefeitura de Trindade-GO recebeu 20 mil exemplares do Livro Trindade Turismo. A Secret\u00e1ria da Casa Civil, Planejamento e Gest\u00e3o, Mayara Cristina Silva, assinou o Atestado de Capacidade T\u00e9cnica da Formato2 Editora e confirmou a destina\u00e7\u00e3o da obra para a regionaliza\u00e7\u00e3o do ensino dos alunos [&hellip;]<\/p>\n","protected":false},"author":2,"featured_media":244,"comment_status":"open","ping_status":"open","sticky":false,"template":"elementor_header_footer","format":"standard","meta":{"footnotes":""},"categories":[1],"tags":[],"yoast_head":"<!-- This site is optimized with the Yoast SEO plugin v20.2.1 - https:\/\/yoast.com\/wordpress\/plugins\/seo\/ -->\n<title>Trindade recebe 20 mil exemplares de Livros da Formato2 Editora - Formato 2<\/title>\n<meta name=\"robots\" content=\"index, follow, max-snippet:-1, max-image-preview:large, max-video-preview:-1\" \/>\n<link rel=\"canonical\" href=\"https:\/\/formato2.com.br\/index.php\/2023\/03\/13\/trindade-recebe-20-mil-exemplares-de-livros-da-formato2-editora\/\" \/>\n<meta property=\"og:locale\" content=\"en_US\" \/>\n<meta property=\"og:type\" content=\"article\" \/>\n<meta property=\"og:title\" content=\"Trindade recebe 20 mil exemplares de Livros da Formato2 Editora - Formato 2\" \/>\n<meta property=\"og:description\" content=\"Trindade Recebe 20 Mil Exemplares De Livros Da Formato2 Editora A Prefeitura de Trindade-GO recebeu 20 mil exemplares do Livro Trindade Turismo. A Secret\u00e1ria da Casa Civil, Planejamento e Gest\u00e3o, Mayara Cristina Silva, assinou o Atestado de Capacidade T\u00e9cnica da Formato2 Editora e confirmou a destina\u00e7\u00e3o da obra para a regionaliza\u00e7\u00e3o do ensino dos alunos [&hellip;]\" \/>\n<meta property=\"og:url\" content=\"https:\/\/formato2.com.br\/index.php\/2023\/03\/13\/trindade-recebe-20-mil-exemplares-de-livros-da-formato2-editora\/\" \/>\n<meta property=\"og:site_name\" content=\"Formato 2\" \/>\n<meta property=\"article:published_time\" content=\"2023-03-13T13:17:52+00:00\" \/>\n<meta property=\"article:modified_time\" content=\"2023-03-13T13:18:38+00:00\" \/>\n<meta property=\"og:image\" content=\"https:\/\/formato2.com.br\/wp-content\/uploads\/2023\/03\/Trindade.jpg\" \/>\n\t<meta property=\"og:image:width\" content=\"750\" \/>\n\t<meta property=\"og:image:height\" content=\"500\" \/>\n\t<meta property=\"og:image:type\" content=\"image\/jpeg\" \/>\n<meta name=\"author\" content=\"marote\" \/>\n<meta name=\"twitter:card\" content=\"summary_large_image\" \/>\n<meta name=\"twitter:label1\" content=\"Written by\" \/>\n\t<meta name=\"twitter:data1\" content=\"marote\" \/>\n\t<meta name=\"twitter:label2\" content=\"Est. reading time\" \/>\n\t<meta name=\"twitter:data2\" content=\"2 minutes\" \/>\n<script type=\"application\/ld+json\" class=\"yoast-schema-graph\">{\"@context\":\"https:\/\/schema.org\",\"@graph\":[{\"@type\":\"Article\",\"@id\":\"https:\/\/formato2.com.br\/index.php\/2023\/03\/13\/trindade-recebe-20-mil-exemplares-de-livros-da-formato2-editora\/#article\",\"isPartOf\":{\"@id\":\"https:\/\/formato2.com.br\/index.php\/2023\/03\/13\/trindade-recebe-20-mil-exemplares-de-livros-da-formato2-editora\/\"},\"author\":{\"name\":\"marote\",\"@id\":\"https:\/\/formato2.com.br\/#\/schema\/person\/c6987fae07890e3bd7c7bf89fde0c7cb\"},\"headline\":\"Trindade recebe 20 mil exemplares de Livros da Formato2 Editora\",\"datePublished\":\"2023-03-13T13:17:52+00:00\",\"dateModified\":\"2023-03-13T13:18:38+00:00\",\"mainEntityOfPage\":{\"@id\":\"https:\/\/formato2.com.br\/index.php\/2023\/03\/13\/trindade-recebe-20-mil-exemplares-de-livros-da-formato2-editora\/\"},\"wordCount\":330,\"commentCount\":0,\"publisher\":{\"@id\":\"https:\/\/formato2.com.br\/#organization\"},\"articleSection\":[\"Sem categoria\"],\"inLanguage\":\"en-US\",\"potentialAction\":[{\"@type\":\"CommentAction\",\"name\":\"Comment\",\"target\":[\"https:\/\/formato2.com.br\/index.php\/2023\/03\/13\/trindade-recebe-20-mil-exemplares-de-livros-da-formato2-editora\/#respond\"]}]},{\"@type\":\"WebPage\",\"@id\":\"https:\/\/formato2.com.br\/index.php\/2023\/03\/13\/trindade-recebe-20-mil-exemplares-de-livros-da-formato2-editora\/\",\"url\":\"https:\/\/formato2.com.br\/index.php\/2023\/03\/13\/trindade-recebe-20-mil-exemplares-de-livros-da-formato2-editora\/\",\"name\":\"Trindade recebe 20 mil exemplares de Livros da Formato2 Editora - Formato 2\",\"isPartOf\":{\"@id\":\"https:\/\/formato2.com.br\/#website\"},\"datePublished\":\"2023-03-13T13:17:52+00:00\",\"dateModified\":\"2023-03-13T13:18:38+00:00\",\"breadcrumb\":{\"@id\":\"https:\/\/formato2.com.br\/index.php\/2023\/03\/13\/trindade-recebe-20-mil-exemplares-de-livros-da-formato2-editora\/#breadcrumb\"},\"inLanguage\":\"en-US\",\"potentialAction\":[{\"@type\":\"ReadAction\",\"target\":[\"https:\/\/formato2.com.br\/index.php\/2023\/03\/13\/trindade-recebe-20-mil-exemplares-de-livros-da-formato2-editora\/\"]}]},{\"@type\":\"BreadcrumbList\",\"@id\":\"https:\/\/formato2.com.br\/index.php\/2023\/03\/13\/trindade-recebe-20-mil-exemplares-de-livros-da-formato2-editora\/#breadcrumb\",\"itemListElement\":[{\"@type\":\"ListItem\",\"position\":1,\"name\":\"In\u00edcio\",\"item\":\"https:\/\/formato2.com.br\/\"},{\"@type\":\"ListItem\",\"position\":2,\"name\":\"Trindade recebe 20 mil exemplares de Livros da Formato2 Editora\"}]},{\"@type\":\"WebSite\",\"@id\":\"https:\/\/formato2.com.br\/#website\",\"url\":\"https:\/\/formato2.com.br\/\",\"name\":\"Formato 2\",\"description\":\"\",\"publisher\":{\"@id\":\"https:\/\/formato2.com.br\/#organization\"},\"potentialAction\":[{\"@type\":\"SearchAction\",\"target\":{\"@type\":\"EntryPoint\",\"urlTemplate\":\"https:\/\/formato2.com.br\/?s={search_term_string}\"},\"query-input\":\"required name=search_term_string\"}],\"inLanguage\":\"en-US\"},{\"@type\":\"Organization\",\"@id\":\"https:\/\/formato2.com.br\/#organization\",\"name\":\"Formato 2\",\"url\":\"https:\/\/formato2.com.br\/\",\"logo\":{\"@type\":\"ImageObject\",\"inLanguage\":\"en-US\",\"@id\":\"https:\/\/formato2.com.br\/#\/schema\/logo\/image\/\",\"url\":\"https:\/\/formato2.com.br\/wp-content\/uploads\/2023\/03\/Formato2-marca.png\",\"contentUrl\":\"https:\/\/formato2.com.br\/wp-content\/uploads\/2023\/03\/Formato2-marca.png\",\"width\":361,\"height\":176,\"caption\":\"Formato 2\"},\"image\":{\"@id\":\"https:\/\/formato2.com.br\/#\/schema\/logo\/image\/\"}},{\"@type\":\"Person\",\"@id\":\"https:\/\/formato2.com.br\/#\/schema\/person\/c6987fae07890e3bd7c7bf89fde0c7cb\",\"name\":\"marote\",\"image\":{\"@type\":\"ImageObject\",\"inLanguage\":\"en-US\",\"@id\":\"https:\/\/formato2.com.br\/#\/schema\/person\/image\/\",\"url\":\"https:\/\/secure.gravatar.com\/avatar\/0090f6d2036b496d005a6b50e81548d7?s=96&d=mm&r=g\",\"contentUrl\":\"https:\/\/secure.gravatar.com\/avatar\/0090f6d2036b496d005a6b50e81548d7?s=96&d=mm&r=g\",\"caption\":\"marote\"},\"url\":\"https:\/\/formato2.com.br\/index.php\/author\/marote\/\"}]}<\/script>\n<!-- \/ Yoast SEO plugin. -->","yoast_head_json":{"title":"Trindade recebe 20 mil exemplares de Livros da Formato2 Editora - Formato 2","robots":{"index":"index","follow":"follow","max-snippet":"max-snippet:-1","max-image-preview":"max-image-preview:large","max-video-preview":"max-video-preview:-1"},"canonical":"https:\/\/formato2.com.br\/index.php\/2023\/03\/13\/trindade-recebe-20-mil-exemplares-de-livros-da-formato2-editora\/","og_locale":"en_US","og_type":"article","og_title":"Trindade recebe 20 mil exemplares de Livros da Formato2 Editora - Formato 2","og_description":"Trindade Recebe 20 Mil Exemplares De Livros Da Formato2 Editora A Prefeitura de Trindade-GO recebeu 20 mil exemplares do Livro Trindade Turismo. A Secret\u00e1ria da Casa Civil, Planejamento e Gest\u00e3o, Mayara Cristina Silva, assinou o Atestado de Capacidade T\u00e9cnica da Formato2 Editora e confirmou a destina\u00e7\u00e3o da obra para a regionaliza\u00e7\u00e3o do ensino dos alunos [&hellip;]","og_url":"https:\/\/formato2.com.br\/index.php\/2023\/03\/13\/trindade-recebe-20-mil-exemplares-de-livros-da-formato2-editora\/","og_site_name":"Formato 2","article_published_time":"2023-03-13T13:17:52+00:00","article_modified_time":"2023-03-13T13:18:38+00:00","og_image":[{"width":750,"height":500,"url":"https:\/\/formato2.com.br\/wp-content\/uploads\/2023\/03\/Trindade.jpg","type":"image\/jpeg"}],"author":"marote","twitter_card":"summary_large_image","twitter_misc":{"Written by":"marote","Est. reading time":"2 minutes"},"schema":{"@context":"https:\/\/schema.org","@graph":[{"@type":"Article","@id":"https:\/\/formato2.com.br\/index.php\/2023\/03\/13\/trindade-recebe-20-mil-exemplares-de-livros-da-formato2-editora\/#article","isPartOf":{"@id":"https:\/\/formato2.com.br\/index.php\/2023\/03\/13\/trindade-recebe-20-mil-exemplares-de-livros-da-formato2-editora\/"},"author":{"name":"marote","@id":"https:\/\/formato2.com.br\/#\/schema\/person\/c6987fae07890e3bd7c7bf89fde0c7cb"},"headline":"Trindade recebe 20 mil exemplares de Livros da Formato2 Editora","datePublished":"2023-03-13T13:17:52+00:00","dateModified":"2023-03-13T13:18:38+00:00","mainEntityOfPage":{"@id":"https:\/\/formato2.com.br\/index.php\/2023\/03\/13\/trindade-recebe-20-mil-exemplares-de-livros-da-formato2-editora\/"},"wordCount":330,"commentCount":0,"publisher":{"@id":"https:\/\/formato2.com.br\/#organization"},"articleSection":["Sem categoria"],"inLanguage":"en-US","potentialAction":[{"@type":"CommentAction","name":"Comment","target":["https:\/\/formato2.com.br\/index.php\/2023\/03\/13\/trindade-recebe-20-mil-exemplares-de-livros-da-formato2-editora\/#respond"]}]},{"@type":"WebPage","@id":"https:\/\/formato2.com.br\/index.php\/2023\/03\/13\/trindade-recebe-20-mil-exemplares-de-livros-da-formato2-editora\/","url":"https:\/\/formato2.com.br\/index.php\/2023\/03\/13\/trindade-recebe-20-mil-exemplares-de-livros-da-formato2-editora\/","name":"Trindade recebe 20 mil exemplares de Livros da Formato2 Editora - Formato 2","isPartOf":{"@id":"https:\/\/formato2.com.br\/#website"},"datePublished":"2023-03-13T13:17:52+00:00","dateModified":"2023-03-13T13:18:38+00:00","breadcrumb":{"@id":"https:\/\/formato2.com.br\/index.php\/2023\/03\/13\/trindade-recebe-20-mil-exemplares-de-livros-da-formato2-editora\/#breadcrumb"},"inLanguage":"en-US","potentialAction":[{"@type":"ReadAction","target":["https:\/\/formato2.com.br\/index.php\/2023\/03\/13\/trindade-recebe-20-mil-exemplares-de-livros-da-formato2-editora\/"]}]},{"@type":"BreadcrumbList","@id":"https:\/\/formato2.com.br\/index.php\/2023\/03\/13\/trindade-recebe-20-mil-exemplares-de-livros-da-formato2-editora\/#breadcrumb","itemListElement":[{"@type":"ListItem","position":1,"name":"In\u00edcio","item":"https:\/\/formato2.com.br\/"},{"@type":"ListItem","position":2,"name":"Trindade recebe 20 mil exemplares de Livros da Formato2 Editora"}]},{"@type":"WebSite","@id":"https:\/\/formato2.com.br\/#website","url":"https:\/\/formato2.com.br\/","name":"Formato 2","description":"","publisher":{"@id":"https:\/\/formato2.com.br\/#organization"},"potentialAction":[{"@type":"SearchAction","target":{"@type":"EntryPoint","urlTemplate":"https:\/\/formato2.com.br\/?s={search_term_string}"},"query-input":"required name=search_term_string"}],"inLanguage":"en-US"},{"@type":"Organization","@id":"https:\/\/formato2.com.br\/#organization","name":"Formato 2","url":"https:\/\/formato2.com.br\/","logo":{"@type":"ImageObject","inLanguage":"en-US","@id":"https:\/\/formato2.com.br\/#\/schema\/logo\/image\/","url":"https:\/\/formato2.com.br\/wp-content\/uploads\/2023\/03\/Formato2-marca.png","contentUrl":"https:\/\/formato2.com.br\/wp-content\/uploads\/2023\/03\/Formato2-marca.png","width":361,"height":176,"caption":"Formato 2"},"image":{"@id":"https:\/\/formato2.com.br\/#\/schema\/logo\/image\/"}},{"@type":"Person","@id":"https:\/\/formato2.com.br\/#\/schema\/person\/c6987fae07890e3bd7c7bf89fde0c7cb","name":"marote","image":{"@type":"ImageObject","inLanguage":"en-US","@id":"https:\/\/formato2.com.br\/#\/schema\/person\/image\/","url":"https:\/\/secure.gravatar.com\/avatar\/0090f6d2036b496d005a6b50e81548d7?s=96&d=mm&r=g","contentUrl":"https:\/\/secure.gravatar.com\/avatar\/0090f6d2036b496d005a6b50e81548d7?s=96&d=mm&r=g","caption":"marote"},"url":"https:\/\/formato2.com.br\/index.php\/author\/marote\/"}]}},"_links":{"self":[{"href":"https:\/\/formato2.com.br\/index.php\/wp-json\/wp\/v2\/posts\/243"}],"collection":[{"href":"https:\/\/formato2.com.br\/index.php\/wp-json\/wp\/v2\/posts"}],"about":[{"href":"https:\/\/formato2.com.br\/index.php\/wp-json\/wp\/v2\/types\/post"}],"author":[{"embeddable":true,"href":"https:\/\/formato2.com.br\/index.php\/wp-json\/wp\/v2\/users\/2"}],"replies":[{"embeddable":true,"href":"https:\/\/formato2.com.br\/index.php\/wp-json\/wp\/v2\/comments?post=243"}],"version-history":[{"count":4,"href":"https:\/\/formato2.com.br\/index.php\/wp-json\/wp\/v2\/posts\/243\/revisions"}],"predecessor-version":[{"id":248,"href":"https:\/\/formato2.com.br\/index.php\/wp-json\/wp\/v2\/posts\/243\/revisions\/248"}],"wp:featuredmedia":[{"embeddable":true,"href":"https:\/\/formato2.com.br\/index.php\/wp-json\/wp\/v2\/media\/244"}],"wp:attachment":[{"href":"https:\/\/formato2.com.br\/index.php\/wp-json\/wp\/v2\/media?parent=243"}],"wp:term":[{"taxonomy":"category","embeddable":true,"href":"https:\/\/formato2.com.br\/index.php\/wp-json\/wp\/v2\/categories?post=243"},{"taxonomy":"post_tag","embeddable":true,"href":"https:\/\/formato2.com.br\/index.php\/wp-json\/wp\/v2\/tags?post=243"}],"curies":[{"name":"wp","href":"https:\/\/api.w.org\/{rel}","templated":true}]}}