{"id":231,"date":"2023-03-13T10:13:23","date_gmt":"2023-03-13T13:13:23","guid":{"rendered":"https:\/\/formato2.com.br\/?p=231"},"modified":"2023-03-13T10:14:10","modified_gmt":"2023-03-13T13:14:10","slug":"diario-oficial-publica-a-autorizacao-para-aquisicao-do-livro-amazonas-educativo","status":"publish","type":"post","link":"https:\/\/formato2.com.br\/index.php\/2023\/03\/13\/diario-oficial-publica-a-autorizacao-para-aquisicao-do-livro-amazonas-educativo\/","title":{"rendered":"Di\u00e1rio Oficial Publica A Autoriza\u00e7\u00e3o Para Aquisi\u00e7\u00e3o Do Livro Amazonas Educativo"},"content":{"rendered":"\t\t<div data-elementor-type=\"wp-post\" data-elementor-id=\"231\" class=\"elementor elementor-231\">\n\t\t\t\t\t\t\t\t\t<section class=\"elementor-section elementor-top-section elementor-element elementor-element-b18a752 elementor-section-boxed elementor-section-height-default elementor-section-height-default\" data-id=\"b18a752\" data-element_type=\"section\">\n\t\t\t\t\t\t<div class=\"elementor-container elementor-column-gap-default\">\n\t\t\t\t\t<div class=\"elementor-column elementor-col-100 elementor-top-column elementor-element elementor-element-28ef8b5\" data-id=\"28ef8b5\" data-element_type=\"column\">\n\t\t\t<div class=\"elementor-widget-wrap elementor-element-populated\">\n\t\t\t\t\t\t\t\t<div class=\"elementor-element elementor-element-c3629e7 elementor-widget elementor-widget-heading\" data-id=\"c3629e7\" data-element_type=\"widget\" data-widget_type=\"heading.default\">\n\t\t\t\t<div class=\"elementor-widget-container\">\n\t\t\t<style>\/*! elementor - v3.11.3 - 07-03-2023 *\/\n.elementor-heading-title{padding:0;margin:0;line-height:1}.elementor-widget-heading .elementor-heading-title[class*=elementor-size-]>a{color:inherit;font-size:inherit;line-height:inherit}.elementor-widget-heading .elementor-heading-title.elementor-size-small{font-size:15px}.elementor-widget-heading .elementor-heading-title.elementor-size-medium{font-size:19px}.elementor-widget-heading .elementor-heading-title.elementor-size-large{font-size:29px}.elementor-widget-heading .elementor-heading-title.elementor-size-xl{font-size:39px}.elementor-widget-heading .elementor-heading-title.elementor-size-xxl{font-size:59px}<\/style><h2 class=\"elementor-heading-title elementor-size-default\">Di\u00e1rio Oficial Publica A Autoriza\u00e7\u00e3o Para Aquisi\u00e7\u00e3o Do Livro Amazonas Educativo<\/h2>\t\t<\/div>\n\t\t\t\t<\/div>\n\t\t\t\t\t<\/div>\n\t\t<\/div>\n\t\t\t\t\t\t\t<\/div>\n\t\t<\/section>\n\t\t\t\t<section class=\"elementor-section elementor-top-section elementor-element elementor-element-ace56ae elementor-section-boxed elementor-section-height-default elementor-section-height-default\" data-id=\"ace56ae\" data-element_type=\"section\">\n\t\t\t\t\t\t<div class=\"elementor-container elementor-column-gap-default\">\n\t\t\t\t\t<div class=\"elementor-column elementor-col-100 elementor-top-column elementor-element elementor-element-336688b\" data-id=\"336688b\" data-element_type=\"column\">\n\t\t\t<div class=\"elementor-widget-wrap elementor-element-populated\">\n\t\t\t\t\t\t\t\t<div class=\"elementor-element elementor-element-b32697b elementor-widget elementor-widget-image\" data-id=\"b32697b\" data-element_type=\"widget\" data-widget_type=\"image.default\">\n\t\t\t\t<div class=\"elementor-widget-container\">\n\t\t\t<style>\/*! elementor - v3.11.3 - 07-03-2023 *\/\n.elementor-widget-image{text-align:center}.elementor-widget-image a{display:inline-block}.elementor-widget-image a img[src$=\".svg\"]{width:48px}.elementor-widget-image img{vertical-align:middle;display:inline-block}<\/style>\t\t\t\t\t\t\t\t\t\t\t\t<img decoding=\"async\" src=\"https:\/\/formato2.com.br\/wp-content\/plugins\/elementor\/assets\/images\/placeholder.png\" title=\"\" alt=\"\" loading=\"lazy\" \/>\t\t\t\t\t\t\t\t\t\t\t\t\t\t\t<\/div>\n\t\t\t\t<\/div>\n\t\t\t\t\t<\/div>\n\t\t<\/div>\n\t\t\t\t\t\t\t<\/div>\n\t\t<\/section>\n\t\t\t\t<section class=\"elementor-section elementor-top-section elementor-element elementor-element-41033c3 elementor-section-boxed elementor-section-height-default elementor-section-height-default\" data-id=\"41033c3\" data-element_type=\"section\">\n\t\t\t\t\t\t<div class=\"elementor-container elementor-column-gap-default\">\n\t\t\t\t\t<div class=\"elementor-column elementor-col-100 elementor-top-column elementor-element elementor-element-a1f7f0a\" data-id=\"a1f7f0a\" data-element_type=\"column\">\n\t\t\t<div class=\"elementor-widget-wrap elementor-element-populated\">\n\t\t\t\t\t\t\t\t<div class=\"elementor-element elementor-element-4388035 elementor-widget elementor-widget-text-editor\" data-id=\"4388035\" data-element_type=\"widget\" data-widget_type=\"text-editor.default\">\n\t\t\t\t<div class=\"elementor-widget-container\">\n\t\t\t<style>\/*! elementor - v3.11.3 - 07-03-2023 *\/\n.elementor-widget-text-editor.elementor-drop-cap-view-stacked .elementor-drop-cap{background-color:#818a91;color:#fff}.elementor-widget-text-editor.elementor-drop-cap-view-framed .elementor-drop-cap{color:#818a91;border:3px solid;background-color:transparent}.elementor-widget-text-editor:not(.elementor-drop-cap-view-default) .elementor-drop-cap{margin-top:8px}.elementor-widget-text-editor:not(.elementor-drop-cap-view-default) .elementor-drop-cap-letter{width:1em;height:1em}.elementor-widget-text-editor .elementor-drop-cap{float:left;text-align:center;line-height:1;font-size:50px}.elementor-widget-text-editor .elementor-drop-cap-letter{display:inline-block}<\/style>\t\t\t\t<p>O Secret\u00e1rio de Estado de Educa\u00e7\u00e3o e Desporto do Estado do Amazonas, Vicente de Paulo Queiroz Nogueira, publicou no Di\u00e1rio Oficial, a Portaria GS n\u00ba 019, de 08 de janeiro de 2020, confirmando a aquisi\u00e7\u00e3o dos livros da Formato2 para os alunos da rede estadual de ensino. \u00a0De acordo com o documento a empresa BP Com\u00e9rcio e Servi\u00e7os de Edi\u00e7\u00e3o de Livros Ltda., \u201cdet\u00e9m a exclusividade de edi\u00e7\u00e3o e publica\u00e7\u00e3o da distribui\u00e7\u00e3o e comercializa\u00e7\u00e3o da obra Amazonas Educativo, em todo o territ\u00f3rio nacional\u201d.\u00a0<\/p><p>O Di\u00e1rio Oficial do Estado do Amazonas atestou que o pre\u00e7o constante da proposta apresentada pela empresa, foi compat\u00edvel com o pre\u00e7o praticado no mercado. Os Livros foram adquiridos com a declara\u00e7\u00e3o de inexigibilidade dentro do que prev\u00ea o art. 25. Inciso I da Lei n\u00ba 8.666\/93. O autor Braulino Te\u00f3filo Filho informou que a Editora cumpriu a entrega de 125.000 (cento e vinte mil exemplares) do Amazonas Educativo.<\/p>\t\t\t\t\t\t<\/div>\n\t\t\t\t<\/div>\n\t\t\t\t\t<\/div>\n\t\t<\/div>\n\t\t\t\t\t\t\t<\/div>\n\t\t<\/section>\n\t\t\t\t\t\t\t<\/div>\n\t\t","protected":false},"excerpt":{"rendered":"<p>Di\u00e1rio Oficial Publica A Autoriza\u00e7\u00e3o Para Aquisi\u00e7\u00e3o Do Livro Amazonas Educativo O Secret\u00e1rio de Estado de Educa\u00e7\u00e3o e Desporto do Estado do Amazonas, Vicente de Paulo Queiroz Nogueira, publicou no Di\u00e1rio Oficial, a Portaria GS n\u00ba 019, de 08 de janeiro de 2020, confirmando a aquisi\u00e7\u00e3o dos livros da Formato2 para os alunos da rede [&hellip;]<\/p>\n","protected":false},"author":2,"featured_media":232,"comment_status":"open","ping_status":"open","sticky":false,"template":"elementor_header_footer","format":"standard","meta":{"footnotes":""},"categories":[1],"tags":[],"yoast_head":"<!-- This site is optimized with the Yoast SEO plugin v20.2.1 - https:\/\/yoast.com\/wordpress\/plugins\/seo\/ -->\n<title>Di\u00e1rio Oficial Publica A Autoriza\u00e7\u00e3o Para Aquisi\u00e7\u00e3o Do Livro Amazonas Educativo - Formato 2<\/title>\n<meta name=\"robots\" content=\"index, follow, max-snippet:-1, max-image-preview:large, max-video-preview:-1\" \/>\n<link rel=\"canonical\" href=\"https:\/\/formato2.com.br\/index.php\/2023\/03\/13\/diario-oficial-publica-a-autorizacao-para-aquisicao-do-livro-amazonas-educativo\/\" \/>\n<meta property=\"og:locale\" content=\"en_US\" \/>\n<meta property=\"og:type\" content=\"article\" \/>\n<meta property=\"og:title\" content=\"Di\u00e1rio Oficial Publica A Autoriza\u00e7\u00e3o Para Aquisi\u00e7\u00e3o Do Livro Amazonas Educativo - Formato 2\" \/>\n<meta property=\"og:description\" content=\"Di\u00e1rio Oficial Publica A Autoriza\u00e7\u00e3o Para Aquisi\u00e7\u00e3o Do Livro Amazonas Educativo O Secret\u00e1rio de Estado de Educa\u00e7\u00e3o e Desporto do Estado do Amazonas, Vicente de Paulo Queiroz Nogueira, publicou no Di\u00e1rio Oficial, a Portaria GS n\u00ba 019, de 08 de janeiro de 2020, confirmando a aquisi\u00e7\u00e3o dos livros da Formato2 para os alunos da rede [&hellip;]\" \/>\n<meta property=\"og:url\" content=\"https:\/\/formato2.com.br\/index.php\/2023\/03\/13\/diario-oficial-publica-a-autorizacao-para-aquisicao-do-livro-amazonas-educativo\/\" \/>\n<meta property=\"og:site_name\" content=\"Formato 2\" \/>\n<meta property=\"article:published_time\" content=\"2023-03-13T13:13:23+00:00\" \/>\n<meta property=\"article:modified_time\" content=\"2023-03-13T13:14:10+00:00\" \/>\n<meta property=\"og:image\" content=\"https:\/\/formato2.com.br\/wp-content\/uploads\/2023\/03\/Amazonia-785x620-1.jpg\" \/>\n\t<meta property=\"og:image:width\" content=\"785\" \/>\n\t<meta property=\"og:image:height\" content=\"620\" \/>\n\t<meta property=\"og:image:type\" content=\"image\/jpeg\" \/>\n<meta name=\"author\" content=\"marote\" \/>\n<meta name=\"twitter:card\" content=\"summary_large_image\" \/>\n<meta name=\"twitter:label1\" content=\"Written by\" \/>\n\t<meta name=\"twitter:data1\" content=\"marote\" \/>\n\t<meta name=\"twitter:label2\" content=\"Est. reading time\" \/>\n\t<meta name=\"twitter:data2\" content=\"2 minutes\" \/>\n<script type=\"application\/ld+json\" class=\"yoast-schema-graph\">{\"@context\":\"https:\/\/schema.org\",\"@graph\":[{\"@type\":\"Article\",\"@id\":\"https:\/\/formato2.com.br\/index.php\/2023\/03\/13\/diario-oficial-publica-a-autorizacao-para-aquisicao-do-livro-amazonas-educativo\/#article\",\"isPartOf\":{\"@id\":\"https:\/\/formato2.com.br\/index.php\/2023\/03\/13\/diario-oficial-publica-a-autorizacao-para-aquisicao-do-livro-amazonas-educativo\/\"},\"author\":{\"name\":\"marote\",\"@id\":\"https:\/\/formato2.com.br\/#\/schema\/person\/c6987fae07890e3bd7c7bf89fde0c7cb\"},\"headline\":\"Di\u00e1rio Oficial Publica A Autoriza\u00e7\u00e3o Para Aquisi\u00e7\u00e3o Do Livro Amazonas Educativo\",\"datePublished\":\"2023-03-13T13:13:23+00:00\",\"dateModified\":\"2023-03-13T13:14:10+00:00\",\"mainEntityOfPage\":{\"@id\":\"https:\/\/formato2.com.br\/index.php\/2023\/03\/13\/diario-oficial-publica-a-autorizacao-para-aquisicao-do-livro-amazonas-educativo\/\"},\"wordCount\":193,\"commentCount\":0,\"publisher\":{\"@id\":\"https:\/\/formato2.com.br\/#organization\"},\"articleSection\":[\"Sem categoria\"],\"inLanguage\":\"en-US\",\"potentialAction\":[{\"@type\":\"CommentAction\",\"name\":\"Comment\",\"target\":[\"https:\/\/formato2.com.br\/index.php\/2023\/03\/13\/diario-oficial-publica-a-autorizacao-para-aquisicao-do-livro-amazonas-educativo\/#respond\"]}]},{\"@type\":\"WebPage\",\"@id\":\"https:\/\/formato2.com.br\/index.php\/2023\/03\/13\/diario-oficial-publica-a-autorizacao-para-aquisicao-do-livro-amazonas-educativo\/\",\"url\":\"https:\/\/formato2.com.br\/index.php\/2023\/03\/13\/diario-oficial-publica-a-autorizacao-para-aquisicao-do-livro-amazonas-educativo\/\",\"name\":\"Di\u00e1rio Oficial Publica A Autoriza\u00e7\u00e3o Para Aquisi\u00e7\u00e3o Do Livro Amazonas Educativo - Formato 2\",\"isPartOf\":{\"@id\":\"https:\/\/formato2.com.br\/#website\"},\"datePublished\":\"2023-03-13T13:13:23+00:00\",\"dateModified\":\"2023-03-13T13:14:10+00:00\",\"breadcrumb\":{\"@id\":\"https:\/\/formato2.com.br\/index.php\/2023\/03\/13\/diario-oficial-publica-a-autorizacao-para-aquisicao-do-livro-amazonas-educativo\/#breadcrumb\"},\"inLanguage\":\"en-US\",\"potentialAction\":[{\"@type\":\"ReadAction\",\"target\":[\"https:\/\/formato2.com.br\/index.php\/2023\/03\/13\/diario-oficial-publica-a-autorizacao-para-aquisicao-do-livro-amazonas-educativo\/\"]}]},{\"@type\":\"BreadcrumbList\",\"@id\":\"https:\/\/formato2.com.br\/index.php\/2023\/03\/13\/diario-oficial-publica-a-autorizacao-para-aquisicao-do-livro-amazonas-educativo\/#breadcrumb\",\"itemListElement\":[{\"@type\":\"ListItem\",\"position\":1,\"name\":\"In\u00edcio\",\"item\":\"https:\/\/formato2.com.br\/\"},{\"@type\":\"ListItem\",\"position\":2,\"name\":\"Di\u00e1rio Oficial Publica A Autoriza\u00e7\u00e3o Para Aquisi\u00e7\u00e3o Do Livro Amazonas Educativo\"}]},{\"@type\":\"WebSite\",\"@id\":\"https:\/\/formato2.com.br\/#website\",\"url\":\"https:\/\/formato2.com.br\/\",\"name\":\"Formato 2\",\"description\":\"\",\"publisher\":{\"@id\":\"https:\/\/formato2.com.br\/#organization\"},\"potentialAction\":[{\"@type\":\"SearchAction\",\"target\":{\"@type\":\"EntryPoint\",\"urlTemplate\":\"https:\/\/formato2.com.br\/?s={search_term_string}\"},\"query-input\":\"required name=search_term_string\"}],\"inLanguage\":\"en-US\"},{\"@type\":\"Organization\",\"@id\":\"https:\/\/formato2.com.br\/#organization\",\"name\":\"Formato 2\",\"url\":\"https:\/\/formato2.com.br\/\",\"logo\":{\"@type\":\"ImageObject\",\"inLanguage\":\"en-US\",\"@id\":\"https:\/\/formato2.com.br\/#\/schema\/logo\/image\/\",\"url\":\"https:\/\/formato2.com.br\/wp-content\/uploads\/2023\/03\/Formato2-marca.png\",\"contentUrl\":\"https:\/\/formato2.com.br\/wp-content\/uploads\/2023\/03\/Formato2-marca.png\",\"width\":361,\"height\":176,\"caption\":\"Formato 2\"},\"image\":{\"@id\":\"https:\/\/formato2.com.br\/#\/schema\/logo\/image\/\"}},{\"@type\":\"Person\",\"@id\":\"https:\/\/formato2.com.br\/#\/schema\/person\/c6987fae07890e3bd7c7bf89fde0c7cb\",\"name\":\"marote\",\"image\":{\"@type\":\"ImageObject\",\"inLanguage\":\"en-US\",\"@id\":\"https:\/\/formato2.com.br\/#\/schema\/person\/image\/\",\"url\":\"https:\/\/secure.gravatar.com\/avatar\/0090f6d2036b496d005a6b50e81548d7?s=96&d=mm&r=g\",\"contentUrl\":\"https:\/\/secure.gravatar.com\/avatar\/0090f6d2036b496d005a6b50e81548d7?s=96&d=mm&r=g\",\"caption\":\"marote\"},\"url\":\"https:\/\/formato2.com.br\/index.php\/author\/marote\/\"}]}<\/script>\n<!-- \/ Yoast SEO plugin. -->","yoast_head_json":{"title":"Di\u00e1rio Oficial Publica A Autoriza\u00e7\u00e3o Para Aquisi\u00e7\u00e3o Do Livro Amazonas Educativo - Formato 2","robots":{"index":"index","follow":"follow","max-snippet":"max-snippet:-1","max-image-preview":"max-image-preview:large","max-video-preview":"max-video-preview:-1"},"canonical":"https:\/\/formato2.com.br\/index.php\/2023\/03\/13\/diario-oficial-publica-a-autorizacao-para-aquisicao-do-livro-amazonas-educativo\/","og_locale":"en_US","og_type":"article","og_title":"Di\u00e1rio Oficial Publica A Autoriza\u00e7\u00e3o Para Aquisi\u00e7\u00e3o Do Livro Amazonas Educativo - Formato 2","og_description":"Di\u00e1rio Oficial Publica A Autoriza\u00e7\u00e3o Para Aquisi\u00e7\u00e3o Do Livro Amazonas Educativo O Secret\u00e1rio de Estado de Educa\u00e7\u00e3o e Desporto do Estado do Amazonas, Vicente de Paulo Queiroz Nogueira, publicou no Di\u00e1rio Oficial, a Portaria GS n\u00ba 019, de 08 de janeiro de 2020, confirmando a aquisi\u00e7\u00e3o dos livros da Formato2 para os alunos da rede [&hellip;]","og_url":"https:\/\/formato2.com.br\/index.php\/2023\/03\/13\/diario-oficial-publica-a-autorizacao-para-aquisicao-do-livro-amazonas-educativo\/","og_site_name":"Formato 2","article_published_time":"2023-03-13T13:13:23+00:00","article_modified_time":"2023-03-13T13:14:10+00:00","og_image":[{"width":785,"height":620,"url":"https:\/\/formato2.com.br\/wp-content\/uploads\/2023\/03\/Amazonia-785x620-1.jpg","type":"image\/jpeg"}],"author":"marote","twitter_card":"summary_large_image","twitter_misc":{"Written by":"marote","Est. reading time":"2 minutes"},"schema":{"@context":"https:\/\/schema.org","@graph":[{"@type":"Article","@id":"https:\/\/formato2.com.br\/index.php\/2023\/03\/13\/diario-oficial-publica-a-autorizacao-para-aquisicao-do-livro-amazonas-educativo\/#article","isPartOf":{"@id":"https:\/\/formato2.com.br\/index.php\/2023\/03\/13\/diario-oficial-publica-a-autorizacao-para-aquisicao-do-livro-amazonas-educativo\/"},"author":{"name":"marote","@id":"https:\/\/formato2.com.br\/#\/schema\/person\/c6987fae07890e3bd7c7bf89fde0c7cb"},"headline":"Di\u00e1rio Oficial Publica A Autoriza\u00e7\u00e3o Para Aquisi\u00e7\u00e3o Do Livro Amazonas Educativo","datePublished":"2023-03-13T13:13:23+00:00","dateModified":"2023-03-13T13:14:10+00:00","mainEntityOfPage":{"@id":"https:\/\/formato2.com.br\/index.php\/2023\/03\/13\/diario-oficial-publica-a-autorizacao-para-aquisicao-do-livro-amazonas-educativo\/"},"wordCount":193,"commentCount":0,"publisher":{"@id":"https:\/\/formato2.com.br\/#organization"},"articleSection":["Sem categoria"],"inLanguage":"en-US","potentialAction":[{"@type":"CommentAction","name":"Comment","target":["https:\/\/formato2.com.br\/index.php\/2023\/03\/13\/diario-oficial-publica-a-autorizacao-para-aquisicao-do-livro-amazonas-educativo\/#respond"]}]},{"@type":"WebPage","@id":"https:\/\/formato2.com.br\/index.php\/2023\/03\/13\/diario-oficial-publica-a-autorizacao-para-aquisicao-do-livro-amazonas-educativo\/","url":"https:\/\/formato2.com.br\/index.php\/2023\/03\/13\/diario-oficial-publica-a-autorizacao-para-aquisicao-do-livro-amazonas-educativo\/","name":"Di\u00e1rio Oficial Publica A Autoriza\u00e7\u00e3o Para Aquisi\u00e7\u00e3o Do Livro Amazonas Educativo - Formato 2","isPartOf":{"@id":"https:\/\/formato2.com.br\/#website"},"datePublished":"2023-03-13T13:13:23+00:00","dateModified":"2023-03-13T13:14:10+00:00","breadcrumb":{"@id":"https:\/\/formato2.com.br\/index.php\/2023\/03\/13\/diario-oficial-publica-a-autorizacao-para-aquisicao-do-livro-amazonas-educativo\/#breadcrumb"},"inLanguage":"en-US","potentialAction":[{"@type":"ReadAction","target":["https:\/\/formato2.com.br\/index.php\/2023\/03\/13\/diario-oficial-publica-a-autorizacao-para-aquisicao-do-livro-amazonas-educativo\/"]}]},{"@type":"BreadcrumbList","@id":"https:\/\/formato2.com.br\/index.php\/2023\/03\/13\/diario-oficial-publica-a-autorizacao-para-aquisicao-do-livro-amazonas-educativo\/#breadcrumb","itemListElement":[{"@type":"ListItem","position":1,"name":"In\u00edcio","item":"https:\/\/formato2.com.br\/"},{"@type":"ListItem","position":2,"name":"Di\u00e1rio Oficial Publica A Autoriza\u00e7\u00e3o Para Aquisi\u00e7\u00e3o Do Livro Amazonas Educativo"}]},{"@type":"WebSite","@id":"https:\/\/formato2.com.br\/#website","url":"https:\/\/formato2.com.br\/","name":"Formato 2","description":"","publisher":{"@id":"https:\/\/formato2.com.br\/#organization"},"potentialAction":[{"@type":"SearchAction","target":{"@type":"EntryPoint","urlTemplate":"https:\/\/formato2.com.br\/?s={search_term_string}"},"query-input":"required name=search_term_string"}],"inLanguage":"en-US"},{"@type":"Organization","@id":"https:\/\/formato2.com.br\/#organization","name":"Formato 2","url":"https:\/\/formato2.com.br\/","logo":{"@type":"ImageObject","inLanguage":"en-US","@id":"https:\/\/formato2.com.br\/#\/schema\/logo\/image\/","url":"https:\/\/formato2.com.br\/wp-content\/uploads\/2023\/03\/Formato2-marca.png","contentUrl":"https:\/\/formato2.com.br\/wp-content\/uploads\/2023\/03\/Formato2-marca.png","width":361,"height":176,"caption":"Formato 2"},"image":{"@id":"https:\/\/formato2.com.br\/#\/schema\/logo\/image\/"}},{"@type":"Person","@id":"https:\/\/formato2.com.br\/#\/schema\/person\/c6987fae07890e3bd7c7bf89fde0c7cb","name":"marote","image":{"@type":"ImageObject","inLanguage":"en-US","@id":"https:\/\/formato2.com.br\/#\/schema\/person\/image\/","url":"https:\/\/secure.gravatar.com\/avatar\/0090f6d2036b496d005a6b50e81548d7?s=96&d=mm&r=g","contentUrl":"https:\/\/secure.gravatar.com\/avatar\/0090f6d2036b496d005a6b50e81548d7?s=96&d=mm&r=g","caption":"marote"},"url":"https:\/\/formato2.com.br\/index.php\/author\/marote\/"}]}},"_links":{"self":[{"href":"https:\/\/formato2.com.br\/index.php\/wp-json\/wp\/v2\/posts\/231"}],"collection":[{"href":"https:\/\/formato2.com.br\/index.php\/wp-json\/wp\/v2\/posts"}],"about":[{"href":"https:\/\/formato2.com.br\/index.php\/wp-json\/wp\/v2\/types\/post"}],"author":[{"embeddable":true,"href":"https:\/\/formato2.com.br\/index.php\/wp-json\/wp\/v2\/users\/2"}],"replies":[{"embeddable":true,"href":"https:\/\/formato2.com.br\/index.php\/wp-json\/wp\/v2\/comments?post=231"}],"version-history":[{"count":4,"href":"https:\/\/formato2.com.br\/index.php\/wp-json\/wp\/v2\/posts\/231\/revisions"}],"predecessor-version":[{"id":236,"href":"https:\/\/formato2.com.br\/index.php\/wp-json\/wp\/v2\/posts\/231\/revisions\/236"}],"wp:featuredmedia":[{"embeddable":true,"href":"https:\/\/formato2.com.br\/index.php\/wp-json\/wp\/v2\/media\/232"}],"wp:attachment":[{"href":"https:\/\/formato2.com.br\/index.php\/wp-json\/wp\/v2\/media?parent=231"}],"wp:term":[{"taxonomy":"category","embeddable":true,"href":"https:\/\/formato2.com.br\/index.php\/wp-json\/wp\/v2\/categories?post=231"},{"taxonomy":"post_tag","embeddable":true,"href":"https:\/\/formato2.com.br\/index.php\/wp-json\/wp\/v2\/tags?post=231"}],"curies":[{"name":"wp","href":"https:\/\/api.w.org\/{rel}","templated":true}]}}