{"id":225,"date":"2023-03-13T09:46:21","date_gmt":"2023-03-13T12:46:21","guid":{"rendered":"https:\/\/formato2.com.br\/?p=225"},"modified":"2023-03-13T10:11:57","modified_gmt":"2023-03-13T13:11:57","slug":"sabara-didatico-lancado-no-bicentenario-do-teatro-municipal-em-minas-gerais","status":"publish","type":"post","link":"https:\/\/formato2.com.br\/index.php\/2023\/03\/13\/sabara-didatico-lancado-no-bicentenario-do-teatro-municipal-em-minas-gerais\/","title":{"rendered":"Sabar\u00e1 Did\u00e1tico Lan\u00e7ado No Bicenten\u00e1rio Do Teatro Municipal Em Minas Gerais"},"content":{"rendered":"\t\t<div data-elementor-type=\"wp-post\" data-elementor-id=\"225\" class=\"elementor elementor-225\">\n\t\t\t\t\t\t\t\t\t<section class=\"elementor-section elementor-top-section elementor-element elementor-element-97de939 elementor-section-boxed elementor-section-height-default elementor-section-height-default\" data-id=\"97de939\" data-element_type=\"section\">\n\t\t\t\t\t\t<div class=\"elementor-container elementor-column-gap-default\">\n\t\t\t\t\t<div class=\"elementor-column elementor-col-100 elementor-top-column elementor-element elementor-element-b39cb28\" data-id=\"b39cb28\" data-element_type=\"column\">\n\t\t\t<div class=\"elementor-widget-wrap elementor-element-populated\">\n\t\t\t\t\t\t\t\t<div class=\"elementor-element elementor-element-a5f893c elementor-widget elementor-widget-heading\" data-id=\"a5f893c\" data-element_type=\"widget\" data-widget_type=\"heading.default\">\n\t\t\t\t<div class=\"elementor-widget-container\">\n\t\t\t<style>\/*! elementor - v3.11.3 - 07-03-2023 *\/\n.elementor-heading-title{padding:0;margin:0;line-height:1}.elementor-widget-heading .elementor-heading-title[class*=elementor-size-]>a{color:inherit;font-size:inherit;line-height:inherit}.elementor-widget-heading .elementor-heading-title.elementor-size-small{font-size:15px}.elementor-widget-heading .elementor-heading-title.elementor-size-medium{font-size:19px}.elementor-widget-heading .elementor-heading-title.elementor-size-large{font-size:29px}.elementor-widget-heading .elementor-heading-title.elementor-size-xl{font-size:39px}.elementor-widget-heading .elementor-heading-title.elementor-size-xxl{font-size:59px}<\/style><h2 class=\"elementor-heading-title elementor-size-default\">Sabar\u00e1 Did\u00e1tico Lan\u00e7ado No Bicenten\u00e1rio Do Teatro Municipal Em Minas Gerais<\/h2>\t\t<\/div>\n\t\t\t\t<\/div>\n\t\t\t\t\t<\/div>\n\t\t<\/div>\n\t\t\t\t\t\t\t<\/div>\n\t\t<\/section>\n\t\t\t\t<section class=\"elementor-section elementor-top-section elementor-element elementor-element-59b26ad elementor-section-boxed elementor-section-height-default elementor-section-height-default\" data-id=\"59b26ad\" data-element_type=\"section\">\n\t\t\t\t\t\t<div class=\"elementor-container elementor-column-gap-default\">\n\t\t\t\t\t<div class=\"elementor-column elementor-col-100 elementor-top-column elementor-element elementor-element-5fc7c14\" data-id=\"5fc7c14\" data-element_type=\"column\">\n\t\t\t<div class=\"elementor-widget-wrap elementor-element-populated\">\n\t\t\t\t\t\t\t\t<div class=\"elementor-element elementor-element-3afeb98 elementor-widget elementor-widget-image\" data-id=\"3afeb98\" data-element_type=\"widget\" data-widget_type=\"image.default\">\n\t\t\t\t<div class=\"elementor-widget-container\">\n\t\t\t<style>\/*! elementor - v3.11.3 - 07-03-2023 *\/\n.elementor-widget-image{text-align:center}.elementor-widget-image a{display:inline-block}.elementor-widget-image a img[src$=\".svg\"]{width:48px}.elementor-widget-image img{vertical-align:middle;display:inline-block}<\/style>\t\t\t\t\t\t\t\t\t\t\t\t<img decoding=\"async\" src=\"https:\/\/formato2.com.br\/wp-content\/plugins\/elementor\/assets\/images\/placeholder.png\" title=\"\" alt=\"\" loading=\"lazy\" \/>\t\t\t\t\t\t\t\t\t\t\t\t\t\t\t<\/div>\n\t\t\t\t<\/div>\n\t\t\t\t\t<\/div>\n\t\t<\/div>\n\t\t\t\t\t\t\t<\/div>\n\t\t<\/section>\n\t\t\t\t<section class=\"elementor-section elementor-top-section elementor-element elementor-element-0884c8d elementor-section-boxed elementor-section-height-default elementor-section-height-default\" data-id=\"0884c8d\" data-element_type=\"section\">\n\t\t\t\t\t\t<div class=\"elementor-container elementor-column-gap-default\">\n\t\t\t\t\t<div class=\"elementor-column elementor-col-100 elementor-top-column elementor-element elementor-element-22c9e82\" data-id=\"22c9e82\" data-element_type=\"column\">\n\t\t\t<div class=\"elementor-widget-wrap elementor-element-populated\">\n\t\t\t\t\t\t\t\t<div class=\"elementor-element elementor-element-168a672 elementor-widget elementor-widget-text-editor\" data-id=\"168a672\" data-element_type=\"widget\" data-widget_type=\"text-editor.default\">\n\t\t\t\t<div class=\"elementor-widget-container\">\n\t\t\t<style>\/*! elementor - v3.11.3 - 07-03-2023 *\/\n.elementor-widget-text-editor.elementor-drop-cap-view-stacked .elementor-drop-cap{background-color:#818a91;color:#fff}.elementor-widget-text-editor.elementor-drop-cap-view-framed .elementor-drop-cap{color:#818a91;border:3px solid;background-color:transparent}.elementor-widget-text-editor:not(.elementor-drop-cap-view-default) .elementor-drop-cap{margin-top:8px}.elementor-widget-text-editor:not(.elementor-drop-cap-view-default) .elementor-drop-cap-letter{width:1em;height:1em}.elementor-widget-text-editor .elementor-drop-cap{float:left;text-align:center;line-height:1;font-size:50px}.elementor-widget-text-editor .elementor-drop-cap-letter{display:inline-block}<\/style>\t\t\t\t<p>A cerim\u00f4nia de lan\u00e7amento do livro \u201cSabar\u00e1 Did\u00e1tico\u201d aconteceu dentro do Festival Sabar\u00e1 2021. Convidados, profissionais da educa\u00e7\u00e3o do munic\u00edpio e a comunidade sabarense prestigiaram o encontro, realizado no bicenten\u00e1rio Teatro Municipal.<\/p><p>Na abertura, a secret\u00e1ria municipal de Educa\u00e7\u00e3o, Fernanda Silveira, agradeceu a dedica\u00e7\u00e3o de toda a equipe envolvida na elabora\u00e7\u00e3o do livro: \u201cIsso nos traz uma satisfa\u00e7\u00e3o e orgulho por estarmos cumprindo o nosso dever enquanto educadores\u201d, disse a secret\u00e1ria. Para o autor do livro, Braulino Te\u00f3filo Filho, assinar um livro para a cidade de Sabar\u00e1, foi motivo de orgulho.\u00a0 \u201cA pr\u00f3pria origem de seu nome, Grandes Olhos Brilhantes, mostra um povo simp\u00e1tico, receptivo e, pronto para os novos desafios\u201d, disse Braulino, um dos diretores da Formato2 Editora.<\/p>\t\t\t\t\t\t<\/div>\n\t\t\t\t<\/div>\n\t\t\t\t\t<\/div>\n\t\t<\/div>\n\t\t\t\t\t\t\t<\/div>\n\t\t<\/section>\n\t\t\t\t<section class=\"elementor-section elementor-top-section elementor-element elementor-element-33de001 elementor-section-boxed elementor-section-height-default elementor-section-height-default\" data-id=\"33de001\" data-element_type=\"section\">\n\t\t\t\t\t\t<div class=\"elementor-container elementor-column-gap-default\">\n\t\t\t\t\t<div class=\"elementor-column elementor-col-100 elementor-top-column elementor-element elementor-element-cc3456e\" data-id=\"cc3456e\" data-element_type=\"column\">\n\t\t\t<div class=\"elementor-widget-wrap elementor-element-populated\">\n\t\t\t\t\t\t\t\t<div class=\"elementor-element elementor-element-1406ede elementor-widget elementor-widget-image\" data-id=\"1406ede\" data-element_type=\"widget\" data-widget_type=\"image.default\">\n\t\t\t\t<div class=\"elementor-widget-container\">\n\t\t\t\t\t\t\t\t\t\t\t\t\t\t\t<img decoding=\"async\" src=\"https:\/\/formato2.com.br\/wp-content\/plugins\/elementor\/assets\/images\/placeholder.png\" title=\"\" alt=\"\" loading=\"lazy\" \/>\t\t\t\t\t\t\t\t\t\t\t\t\t\t\t<\/div>\n\t\t\t\t<\/div>\n\t\t\t\t\t<\/div>\n\t\t<\/div>\n\t\t\t\t\t\t\t<\/div>\n\t\t<\/section>\n\t\t\t\t<section class=\"elementor-section elementor-top-section elementor-element elementor-element-99b63e4 elementor-section-boxed elementor-section-height-default elementor-section-height-default\" data-id=\"99b63e4\" data-element_type=\"section\">\n\t\t\t\t\t\t<div class=\"elementor-container elementor-column-gap-default\">\n\t\t\t\t\t<div class=\"elementor-column elementor-col-100 elementor-top-column elementor-element elementor-element-eece2cc\" data-id=\"eece2cc\" data-element_type=\"column\">\n\t\t\t<div class=\"elementor-widget-wrap elementor-element-populated\">\n\t\t\t\t\t\t\t\t<div class=\"elementor-element elementor-element-af52030 elementor-widget elementor-widget-text-editor\" data-id=\"af52030\" data-element_type=\"widget\" data-widget_type=\"text-editor.default\">\n\t\t\t\t<div class=\"elementor-widget-container\">\n\t\t\t\t\t\t\t<p><span style=\"color: #23282d; font-family: Graphik, -apple-system, BlinkMacSystemFont, 'Segoe UI', Arial, Helvetica, sans-serif; font-size: 12.8px; letter-spacing: normal; background-color: #ffffff;\">A secret\u00e1ria de Educa\u00e7\u00e3o Fernanda Silveira e o prefeito de Sabar\u00e1 Wander Borges, durante solenidade de lan\u00e7amento do \u201cSabar\u00e1 Educativo\u201d.<\/span><\/p>\t\t\t\t\t\t<\/div>\n\t\t\t\t<\/div>\n\t\t\t\t\t<\/div>\n\t\t<\/div>\n\t\t\t\t\t\t\t<\/div>\n\t\t<\/section>\n\t\t\t\t<section class=\"elementor-section elementor-top-section elementor-element elementor-element-1afbc3a elementor-section-boxed elementor-section-height-default elementor-section-height-default\" data-id=\"1afbc3a\" data-element_type=\"section\">\n\t\t\t\t\t\t<div class=\"elementor-container elementor-column-gap-default\">\n\t\t\t\t\t<div class=\"elementor-column elementor-col-100 elementor-top-column elementor-element elementor-element-602c2da\" data-id=\"602c2da\" data-element_type=\"column\">\n\t\t\t<div class=\"elementor-widget-wrap elementor-element-populated\">\n\t\t\t\t\t\t\t\t<div class=\"elementor-element elementor-element-65fcdb7 elementor-widget elementor-widget-text-editor\" data-id=\"65fcdb7\" data-element_type=\"widget\" data-widget_type=\"text-editor.default\">\n\t\t\t\t<div class=\"elementor-widget-container\">\n\t\t\t\t\t\t\t<p>Encerrando o encontro, o prefeito Wander Borges, juntamente com as autoridades presentes, assinou as ordens de servi\u00e7o autorizando a execu\u00e7\u00e3o de obras de constru\u00e7\u00e3o do Almoxarifado da Secretaria de Educa\u00e7\u00e3o, al\u00e9m da reforma da Escola Municipal Geralda Dias de Assun\u00e7\u00e3o, no bairro Novo Alvorada, da Escola Municipal Professora C\u00e9lia de Freitas, em Ro\u00e7a Grande, da Escola Municipal Professora Irene Pinto, no bairro Borges, e do Centro de Educa\u00e7\u00e3o Infantil An\u00edbal Machado, no bairro Nossa Senhora de F\u00e1tima. \u201c\u00c9 uma noite de muita alegria para todos os sabarenses. Hoje, estamos fazendo a entrega do livro e de outras importantes conquistas para Sabar\u00e1. Agrade\u00e7o a todos os parceiros nessa luta incans\u00e1vel por uma Sabar\u00e1 mais desenvolvida\u201d, discursou.<\/p><p>Estiveram presentes o secret\u00e1rio de Cultura e Turismo, Andr\u00e9 Alves, o vice-prefeito, Lucas Silva, o presidente da C\u00e2mara Municipal de Sabar\u00e1, Roberto do Bar, a gerente de projetos da secretaria municipal de Educa\u00e7\u00e3o, Fl\u00e1via M\u00e1rcia do Carmo, a diretora da Escola Municipal Irene Pinto, Ana Carolina Cassimiro, o conselheiro e ex-secret\u00e1rio de Cultura, S\u00e9rgio Alexandre, e os vereadores Concei\u00e7\u00e3o Arruda, Guilherme Alves, Pr. Jo\u00e3o Bueno e Ricardo Moreira (Tikin).<\/p>\t\t\t\t\t\t<\/div>\n\t\t\t\t<\/div>\n\t\t\t\t\t<\/div>\n\t\t<\/div>\n\t\t\t\t\t\t\t<\/div>\n\t\t<\/section>\n\t\t\t\t\t\t\t<\/div>\n\t\t","protected":false},"excerpt":{"rendered":"<p>Sabar\u00e1 Did\u00e1tico Lan\u00e7ado No Bicenten\u00e1rio Do Teatro Municipal Em Minas Gerais A cerim\u00f4nia de lan\u00e7amento do livro \u201cSabar\u00e1 Did\u00e1tico\u201d aconteceu dentro do Festival Sabar\u00e1 2021. Convidados, profissionais da educa\u00e7\u00e3o do munic\u00edpio e a comunidade sabarense prestigiaram o encontro, realizado no bicenten\u00e1rio Teatro Municipal. Na abertura, a secret\u00e1ria municipal de Educa\u00e7\u00e3o, Fernanda Silveira, agradeceu a dedica\u00e7\u00e3o [&hellip;]<\/p>\n","protected":false},"author":2,"featured_media":0,"comment_status":"open","ping_status":"open","sticky":false,"template":"elementor_header_footer","format":"standard","meta":{"footnotes":""},"categories":[1],"tags":[],"yoast_head":"<!-- This site is optimized with the Yoast SEO plugin v20.2.1 - https:\/\/yoast.com\/wordpress\/plugins\/seo\/ -->\n<title>Sabar\u00e1 Did\u00e1tico Lan\u00e7ado No Bicenten\u00e1rio Do Teatro Municipal Em Minas Gerais - Formato 2<\/title>\n<meta name=\"robots\" content=\"index, follow, max-snippet:-1, max-image-preview:large, max-video-preview:-1\" \/>\n<link rel=\"canonical\" href=\"https:\/\/formato2.com.br\/index.php\/2023\/03\/13\/sabara-didatico-lancado-no-bicentenario-do-teatro-municipal-em-minas-gerais\/\" \/>\n<meta property=\"og:locale\" content=\"en_US\" \/>\n<meta property=\"og:type\" content=\"article\" \/>\n<meta property=\"og:title\" content=\"Sabar\u00e1 Did\u00e1tico Lan\u00e7ado No Bicenten\u00e1rio Do Teatro Municipal Em Minas Gerais - Formato 2\" \/>\n<meta property=\"og:description\" content=\"Sabar\u00e1 Did\u00e1tico Lan\u00e7ado No Bicenten\u00e1rio Do Teatro Municipal Em Minas Gerais A cerim\u00f4nia de lan\u00e7amento do livro \u201cSabar\u00e1 Did\u00e1tico\u201d aconteceu dentro do Festival Sabar\u00e1 2021. Convidados, profissionais da educa\u00e7\u00e3o do munic\u00edpio e a comunidade sabarense prestigiaram o encontro, realizado no bicenten\u00e1rio Teatro Municipal. Na abertura, a secret\u00e1ria municipal de Educa\u00e7\u00e3o, Fernanda Silveira, agradeceu a dedica\u00e7\u00e3o [&hellip;]\" \/>\n<meta property=\"og:url\" content=\"https:\/\/formato2.com.br\/index.php\/2023\/03\/13\/sabara-didatico-lancado-no-bicentenario-do-teatro-municipal-em-minas-gerais\/\" \/>\n<meta property=\"og:site_name\" content=\"Formato 2\" \/>\n<meta property=\"article:published_time\" content=\"2023-03-13T12:46:21+00:00\" \/>\n<meta property=\"article:modified_time\" content=\"2023-03-13T13:11:57+00:00\" \/>\n<meta property=\"og:image\" content=\"https:\/\/formato2.com.br\/wp-content\/plugins\/elementor\/assets\/images\/placeholder.png\" \/>\n<meta name=\"author\" content=\"marote\" \/>\n<meta name=\"twitter:card\" content=\"summary_large_image\" \/>\n<meta name=\"twitter:label1\" content=\"Written by\" \/>\n\t<meta name=\"twitter:data1\" content=\"marote\" \/>\n\t<meta name=\"twitter:label2\" content=\"Est. reading time\" \/>\n\t<meta name=\"twitter:data2\" content=\"3 minutes\" \/>\n<script type=\"application\/ld+json\" class=\"yoast-schema-graph\">{\"@context\":\"https:\/\/schema.org\",\"@graph\":[{\"@type\":\"Article\",\"@id\":\"https:\/\/formato2.com.br\/index.php\/2023\/03\/13\/sabara-didatico-lancado-no-bicentenario-do-teatro-municipal-em-minas-gerais\/#article\",\"isPartOf\":{\"@id\":\"https:\/\/formato2.com.br\/index.php\/2023\/03\/13\/sabara-didatico-lancado-no-bicentenario-do-teatro-municipal-em-minas-gerais\/\"},\"author\":{\"name\":\"marote\",\"@id\":\"https:\/\/formato2.com.br\/#\/schema\/person\/c6987fae07890e3bd7c7bf89fde0c7cb\"},\"headline\":\"Sabar\u00e1 Did\u00e1tico Lan\u00e7ado No Bicenten\u00e1rio Do Teatro Municipal Em Minas Gerais\",\"datePublished\":\"2023-03-13T12:46:21+00:00\",\"dateModified\":\"2023-03-13T13:11:57+00:00\",\"mainEntityOfPage\":{\"@id\":\"https:\/\/formato2.com.br\/index.php\/2023\/03\/13\/sabara-didatico-lancado-no-bicentenario-do-teatro-municipal-em-minas-gerais\/\"},\"wordCount\":389,\"commentCount\":0,\"publisher\":{\"@id\":\"https:\/\/formato2.com.br\/#organization\"},\"articleSection\":[\"Sem categoria\"],\"inLanguage\":\"en-US\",\"potentialAction\":[{\"@type\":\"CommentAction\",\"name\":\"Comment\",\"target\":[\"https:\/\/formato2.com.br\/index.php\/2023\/03\/13\/sabara-didatico-lancado-no-bicentenario-do-teatro-municipal-em-minas-gerais\/#respond\"]}]},{\"@type\":\"WebPage\",\"@id\":\"https:\/\/formato2.com.br\/index.php\/2023\/03\/13\/sabara-didatico-lancado-no-bicentenario-do-teatro-municipal-em-minas-gerais\/\",\"url\":\"https:\/\/formato2.com.br\/index.php\/2023\/03\/13\/sabara-didatico-lancado-no-bicentenario-do-teatro-municipal-em-minas-gerais\/\",\"name\":\"Sabar\u00e1 Did\u00e1tico Lan\u00e7ado No Bicenten\u00e1rio Do Teatro Municipal Em Minas Gerais - Formato 2\",\"isPartOf\":{\"@id\":\"https:\/\/formato2.com.br\/#website\"},\"datePublished\":\"2023-03-13T12:46:21+00:00\",\"dateModified\":\"2023-03-13T13:11:57+00:00\",\"breadcrumb\":{\"@id\":\"https:\/\/formato2.com.br\/index.php\/2023\/03\/13\/sabara-didatico-lancado-no-bicentenario-do-teatro-municipal-em-minas-gerais\/#breadcrumb\"},\"inLanguage\":\"en-US\",\"potentialAction\":[{\"@type\":\"ReadAction\",\"target\":[\"https:\/\/formato2.com.br\/index.php\/2023\/03\/13\/sabara-didatico-lancado-no-bicentenario-do-teatro-municipal-em-minas-gerais\/\"]}]},{\"@type\":\"BreadcrumbList\",\"@id\":\"https:\/\/formato2.com.br\/index.php\/2023\/03\/13\/sabara-didatico-lancado-no-bicentenario-do-teatro-municipal-em-minas-gerais\/#breadcrumb\",\"itemListElement\":[{\"@type\":\"ListItem\",\"position\":1,\"name\":\"In\u00edcio\",\"item\":\"https:\/\/formato2.com.br\/\"},{\"@type\":\"ListItem\",\"position\":2,\"name\":\"Sabar\u00e1 Did\u00e1tico Lan\u00e7ado No Bicenten\u00e1rio Do Teatro Municipal Em Minas Gerais\"}]},{\"@type\":\"WebSite\",\"@id\":\"https:\/\/formato2.com.br\/#website\",\"url\":\"https:\/\/formato2.com.br\/\",\"name\":\"Formato 2\",\"description\":\"\",\"publisher\":{\"@id\":\"https:\/\/formato2.com.br\/#organization\"},\"potentialAction\":[{\"@type\":\"SearchAction\",\"target\":{\"@type\":\"EntryPoint\",\"urlTemplate\":\"https:\/\/formato2.com.br\/?s={search_term_string}\"},\"query-input\":\"required name=search_term_string\"}],\"inLanguage\":\"en-US\"},{\"@type\":\"Organization\",\"@id\":\"https:\/\/formato2.com.br\/#organization\",\"name\":\"Formato 2\",\"url\":\"https:\/\/formato2.com.br\/\",\"logo\":{\"@type\":\"ImageObject\",\"inLanguage\":\"en-US\",\"@id\":\"https:\/\/formato2.com.br\/#\/schema\/logo\/image\/\",\"url\":\"https:\/\/formato2.com.br\/wp-content\/uploads\/2023\/03\/Formato2-marca.png\",\"contentUrl\":\"https:\/\/formato2.com.br\/wp-content\/uploads\/2023\/03\/Formato2-marca.png\",\"width\":361,\"height\":176,\"caption\":\"Formato 2\"},\"image\":{\"@id\":\"https:\/\/formato2.com.br\/#\/schema\/logo\/image\/\"}},{\"@type\":\"Person\",\"@id\":\"https:\/\/formato2.com.br\/#\/schema\/person\/c6987fae07890e3bd7c7bf89fde0c7cb\",\"name\":\"marote\",\"image\":{\"@type\":\"ImageObject\",\"inLanguage\":\"en-US\",\"@id\":\"https:\/\/formato2.com.br\/#\/schema\/person\/image\/\",\"url\":\"https:\/\/secure.gravatar.com\/avatar\/0090f6d2036b496d005a6b50e81548d7?s=96&d=mm&r=g\",\"contentUrl\":\"https:\/\/secure.gravatar.com\/avatar\/0090f6d2036b496d005a6b50e81548d7?s=96&d=mm&r=g\",\"caption\":\"marote\"},\"url\":\"https:\/\/formato2.com.br\/index.php\/author\/marote\/\"}]}<\/script>\n<!-- \/ Yoast SEO plugin. -->","yoast_head_json":{"title":"Sabar\u00e1 Did\u00e1tico Lan\u00e7ado No Bicenten\u00e1rio Do Teatro Municipal Em Minas Gerais - Formato 2","robots":{"index":"index","follow":"follow","max-snippet":"max-snippet:-1","max-image-preview":"max-image-preview:large","max-video-preview":"max-video-preview:-1"},"canonical":"https:\/\/formato2.com.br\/index.php\/2023\/03\/13\/sabara-didatico-lancado-no-bicentenario-do-teatro-municipal-em-minas-gerais\/","og_locale":"en_US","og_type":"article","og_title":"Sabar\u00e1 Did\u00e1tico Lan\u00e7ado No Bicenten\u00e1rio Do Teatro Municipal Em Minas Gerais - Formato 2","og_description":"Sabar\u00e1 Did\u00e1tico Lan\u00e7ado No Bicenten\u00e1rio Do Teatro Municipal Em Minas Gerais A cerim\u00f4nia de lan\u00e7amento do livro \u201cSabar\u00e1 Did\u00e1tico\u201d aconteceu dentro do Festival Sabar\u00e1 2021. Convidados, profissionais da educa\u00e7\u00e3o do munic\u00edpio e a comunidade sabarense prestigiaram o encontro, realizado no bicenten\u00e1rio Teatro Municipal. Na abertura, a secret\u00e1ria municipal de Educa\u00e7\u00e3o, Fernanda Silveira, agradeceu a dedica\u00e7\u00e3o [&hellip;]","og_url":"https:\/\/formato2.com.br\/index.php\/2023\/03\/13\/sabara-didatico-lancado-no-bicentenario-do-teatro-municipal-em-minas-gerais\/","og_site_name":"Formato 2","article_published_time":"2023-03-13T12:46:21+00:00","article_modified_time":"2023-03-13T13:11:57+00:00","og_image":[{"url":"https:\/\/formato2.com.br\/wp-content\/plugins\/elementor\/assets\/images\/placeholder.png"}],"author":"marote","twitter_card":"summary_large_image","twitter_misc":{"Written by":"marote","Est. reading time":"3 minutes"},"schema":{"@context":"https:\/\/schema.org","@graph":[{"@type":"Article","@id":"https:\/\/formato2.com.br\/index.php\/2023\/03\/13\/sabara-didatico-lancado-no-bicentenario-do-teatro-municipal-em-minas-gerais\/#article","isPartOf":{"@id":"https:\/\/formato2.com.br\/index.php\/2023\/03\/13\/sabara-didatico-lancado-no-bicentenario-do-teatro-municipal-em-minas-gerais\/"},"author":{"name":"marote","@id":"https:\/\/formato2.com.br\/#\/schema\/person\/c6987fae07890e3bd7c7bf89fde0c7cb"},"headline":"Sabar\u00e1 Did\u00e1tico Lan\u00e7ado No Bicenten\u00e1rio Do Teatro Municipal Em Minas Gerais","datePublished":"2023-03-13T12:46:21+00:00","dateModified":"2023-03-13T13:11:57+00:00","mainEntityOfPage":{"@id":"https:\/\/formato2.com.br\/index.php\/2023\/03\/13\/sabara-didatico-lancado-no-bicentenario-do-teatro-municipal-em-minas-gerais\/"},"wordCount":389,"commentCount":0,"publisher":{"@id":"https:\/\/formato2.com.br\/#organization"},"articleSection":["Sem categoria"],"inLanguage":"en-US","potentialAction":[{"@type":"CommentAction","name":"Comment","target":["https:\/\/formato2.com.br\/index.php\/2023\/03\/13\/sabara-didatico-lancado-no-bicentenario-do-teatro-municipal-em-minas-gerais\/#respond"]}]},{"@type":"WebPage","@id":"https:\/\/formato2.com.br\/index.php\/2023\/03\/13\/sabara-didatico-lancado-no-bicentenario-do-teatro-municipal-em-minas-gerais\/","url":"https:\/\/formato2.com.br\/index.php\/2023\/03\/13\/sabara-didatico-lancado-no-bicentenario-do-teatro-municipal-em-minas-gerais\/","name":"Sabar\u00e1 Did\u00e1tico Lan\u00e7ado No Bicenten\u00e1rio Do Teatro Municipal Em Minas Gerais - Formato 2","isPartOf":{"@id":"https:\/\/formato2.com.br\/#website"},"datePublished":"2023-03-13T12:46:21+00:00","dateModified":"2023-03-13T13:11:57+00:00","breadcrumb":{"@id":"https:\/\/formato2.com.br\/index.php\/2023\/03\/13\/sabara-didatico-lancado-no-bicentenario-do-teatro-municipal-em-minas-gerais\/#breadcrumb"},"inLanguage":"en-US","potentialAction":[{"@type":"ReadAction","target":["https:\/\/formato2.com.br\/index.php\/2023\/03\/13\/sabara-didatico-lancado-no-bicentenario-do-teatro-municipal-em-minas-gerais\/"]}]},{"@type":"BreadcrumbList","@id":"https:\/\/formato2.com.br\/index.php\/2023\/03\/13\/sabara-didatico-lancado-no-bicentenario-do-teatro-municipal-em-minas-gerais\/#breadcrumb","itemListElement":[{"@type":"ListItem","position":1,"name":"In\u00edcio","item":"https:\/\/formato2.com.br\/"},{"@type":"ListItem","position":2,"name":"Sabar\u00e1 Did\u00e1tico Lan\u00e7ado No Bicenten\u00e1rio Do Teatro Municipal Em Minas Gerais"}]},{"@type":"WebSite","@id":"https:\/\/formato2.com.br\/#website","url":"https:\/\/formato2.com.br\/","name":"Formato 2","description":"","publisher":{"@id":"https:\/\/formato2.com.br\/#organization"},"potentialAction":[{"@type":"SearchAction","target":{"@type":"EntryPoint","urlTemplate":"https:\/\/formato2.com.br\/?s={search_term_string}"},"query-input":"required name=search_term_string"}],"inLanguage":"en-US"},{"@type":"Organization","@id":"https:\/\/formato2.com.br\/#organization","name":"Formato 2","url":"https:\/\/formato2.com.br\/","logo":{"@type":"ImageObject","inLanguage":"en-US","@id":"https:\/\/formato2.com.br\/#\/schema\/logo\/image\/","url":"https:\/\/formato2.com.br\/wp-content\/uploads\/2023\/03\/Formato2-marca.png","contentUrl":"https:\/\/formato2.com.br\/wp-content\/uploads\/2023\/03\/Formato2-marca.png","width":361,"height":176,"caption":"Formato 2"},"image":{"@id":"https:\/\/formato2.com.br\/#\/schema\/logo\/image\/"}},{"@type":"Person","@id":"https:\/\/formato2.com.br\/#\/schema\/person\/c6987fae07890e3bd7c7bf89fde0c7cb","name":"marote","image":{"@type":"ImageObject","inLanguage":"en-US","@id":"https:\/\/formato2.com.br\/#\/schema\/person\/image\/","url":"https:\/\/secure.gravatar.com\/avatar\/0090f6d2036b496d005a6b50e81548d7?s=96&d=mm&r=g","contentUrl":"https:\/\/secure.gravatar.com\/avatar\/0090f6d2036b496d005a6b50e81548d7?s=96&d=mm&r=g","caption":"marote"},"url":"https:\/\/formato2.com.br\/index.php\/author\/marote\/"}]}},"_links":{"self":[{"href":"https:\/\/formato2.com.br\/index.php\/wp-json\/wp\/v2\/posts\/225"}],"collection":[{"href":"https:\/\/formato2.com.br\/index.php\/wp-json\/wp\/v2\/posts"}],"about":[{"href":"https:\/\/formato2.com.br\/index.php\/wp-json\/wp\/v2\/types\/post"}],"author":[{"embeddable":true,"href":"https:\/\/formato2.com.br\/index.php\/wp-json\/wp\/v2\/users\/2"}],"replies":[{"embeddable":true,"href":"https:\/\/formato2.com.br\/index.php\/wp-json\/wp\/v2\/comments?post=225"}],"version-history":[{"count":4,"href":"https:\/\/formato2.com.br\/index.php\/wp-json\/wp\/v2\/posts\/225\/revisions"}],"predecessor-version":[{"id":230,"href":"https:\/\/formato2.com.br\/index.php\/wp-json\/wp\/v2\/posts\/225\/revisions\/230"}],"wp:attachment":[{"href":"https:\/\/formato2.com.br\/index.php\/wp-json\/wp\/v2\/media?parent=225"}],"wp:term":[{"taxonomy":"category","embeddable":true,"href":"https:\/\/formato2.com.br\/index.php\/wp-json\/wp\/v2\/categories?post=225"},{"taxonomy":"post_tag","embeddable":true,"href":"https:\/\/formato2.com.br\/index.php\/wp-json\/wp\/v2\/tags?post=225"}],"curies":[{"name":"wp","href":"https:\/\/api.w.org\/{rel}","templated":true}]}}